{"id":633,"date":"2022-09-23T13:17:11","date_gmt":"2022-09-23T11:17:11","guid":{"rendered":"https:\/\/sauna-wellness-update.de\/?p=633"},"modified":"2022-09-23T13:18:36","modified_gmt":"2022-09-23T11:18:36","slug":"gaskrise-finanzielle-hilfen-geplant","status":"publish","type":"post","link":"https:\/\/sauna-wellness-update.de\/en\/2022\/09\/23\/gaskrise-finanzielle-hilfen-geplant\/","title":{"rendered":"Gaskrise: Finanzielle Hilfen geplant"},"content":{"rendered":"\n\n[et_pb_section fb_built=&#8220;1&#8243; _builder_version=&#8220;4.17.4&#8243; _module_preset=&#8220;default&#8220; custom_margin=&#8220;0px||0px||true|false&#8220; custom_padding=&#8220;0px||0px||true|false&#8220; border_color_all=&#8220;rgba(86,116,125,0.5)&#8220; border_color_bottom=&#8220;RGBA(255,255,255,0)&#8220; global_colors_info=&#8220;{}&#8220; theme_builder_area=&#8220;post_content&#8220;][et_pb_row _builder_version=&#8220;4.17.4&#8243; _module_preset=&#8220;default&#8220; custom_margin=&#8220;0px||0px||true|false&#8220; custom_padding=&#8220;0px||0px||true|&#8220; global_colors_info=&#8220;{}&#8220; theme_builder_area=&#8220;post_content&#8220;][et_pb_column type=&#8220;4_4&#8243; _builder_version=&#8220;4.17.4&#8243; _module_preset=&#8220;default&#8220; custom_padding=&#8220;0px||0px||true|false&#8220; global_colors_info=&#8220;{}&#8220; theme_builder_area=&#8220;post_content&#8220;][et_pb_text _builder_version=&#8220;4.17.4&#8243; _module_preset=&#8220;default&#8220; hover_enabled=&#8220;0&#8243; global_colors_info=&#8220;{}&#8220; theme_builder_area=&#8220;post_content&#8220; sticky_enabled=&#8220;0&#8243;]<p>Angesichts stark steigender Energiepreise plant das Wirtschaftsministerium von Minister Robert Habeck auch finanzielle Hilfen f\u00fcr den Mittelstand. Die H\u00f6he des Zuschusses soll sich laut B\u00f6rsen-Zeitung an den anfallenden Energiekosten orientieren. Dies solle r\u00fcckwirkkend ab September gelten.<\/p>\n<p><a href=\"http:\/\/www.boersen-zeitung.de\">www.boersen-zeitung.de<\/a><\/p>[\/et_pb_text][\/et_pb_column][\/et_pb_row][\/et_pb_section]\n\n","protected":false},"excerpt":{"rendered":"<p>Angesichts stark steigender Energiepreise plant das Wirtschaftsministerium von Minister Robert Habeck auch finanzielle Hilfen f\u00fcr den Mittelstand. Die H\u00f6he des Zuschusses soll sich laut B\u00f6rsen-Zeitung an den anfallenden Energiekosten orientieren. Dies solle r\u00fcckwirkkend ab September gelten. www.boersen-zeitung.de<\/p>","protected":false},"author":1,"featured_media":0,"comment_status":"open","ping_status":"open","sticky":false,"template":"","format":"standard","meta":{"_et_pb_use_builder":"on","_et_pb_old_content":"","_et_gb_content_width":"","iawp_total_views":0,"footnotes":""},"categories":[13,12],"tags":[],"class_list":["post-633","post","type-post","status-publish","format-standard","hentry","category-news","category-unternehmen"],"_links":{"self":[{"href":"https:\/\/sauna-wellness-update.de\/en\/wp-json\/wp\/v2\/posts\/633","targetHints":{"allow":["GET"]}}],"collection":[{"href":"https:\/\/sauna-wellness-update.de\/en\/wp-json\/wp\/v2\/posts"}],"about":[{"href":"https:\/\/sauna-wellness-update.de\/en\/wp-json\/wp\/v2\/types\/post"}],"author":[{"embeddable":true,"href":"https:\/\/sauna-wellness-update.de\/en\/wp-json\/wp\/v2\/users\/1"}],"replies":[{"embeddable":true,"href":"https:\/\/sauna-wellness-update.de\/en\/wp-json\/wp\/v2\/comments?post=633"}],"version-history":[{"count":3,"href":"https:\/\/sauna-wellness-update.de\/en\/wp-json\/wp\/v2\/posts\/633\/revisions"}],"predecessor-version":[{"id":637,"href":"https:\/\/sauna-wellness-update.de\/en\/wp-json\/wp\/v2\/posts\/633\/revisions\/637"}],"wp:attachment":[{"href":"https:\/\/sauna-wellness-update.de\/en\/wp-json\/wp\/v2\/media?parent=633"}],"wp:term":[{"taxonomy":"category","embeddable":true,"href":"https:\/\/sauna-wellness-update.de\/en\/wp-json\/wp\/v2\/categories?post=633"},{"taxonomy":"post_tag","embeddable":true,"href":"https:\/\/sauna-wellness-update.de\/en\/wp-json\/wp\/v2\/tags?post=633"}],"curies":[{"name":"wp","href":"https:\/\/api.w.org\/{rel}","templated":true}]}}