{"id":6507,"date":"2025-03-31T09:18:00","date_gmt":"2025-03-31T07:18:00","guid":{"rendered":"https:\/\/sauna-wellness-update.de\/?p=6507"},"modified":"2025-03-31T11:32:22","modified_gmt":"2025-03-31T09:32:22","slug":"aufbruchstimmung-beauty-duesseldorf","status":"publish","type":"post","link":"https:\/\/sauna-wellness-update.de\/en\/2025\/03\/31\/aufbruchstimmung-beauty-duesseldorf\/","title":{"rendered":"Res\u00fcmee Fachmesse BEAUTY D\u00fcsseldorf: &#8222;Starke Impulse und Top-Stimmung&#8220;"},"content":{"rendered":"\n[et_pb_section fb_built=&#8220;1&#8243; _builder_version=&#8220;4.17.4&#8243; _module_preset=&#8220;default&#8220; custom_margin=&#8220;0px||0px||true|false&#8220; custom_padding=&#8220;0px||0px||true|false&#8220; border_color_all=&#8220;rgba(86,116,125,0.5)&#8220; border_color_bottom=&#8220;RGBA(255,255,255,0)&#8220; global_colors_info=&#8220;{}&#8220;][et_pb_row _builder_version=&#8220;4.17.4&#8243; _module_preset=&#8220;default&#8220; custom_margin=&#8220;0px||0px||true|false&#8220; custom_padding=&#8220;0px||0px||true|&#8220; global_colors_info=&#8220;{}&#8220;][et_pb_column type=&#8220;4_4&#8243; _builder_version=&#8220;4.17.4&#8243; _module_preset=&#8220;default&#8220; custom_padding=&#8220;0px||0px||true|false&#8220; global_colors_info=&#8220;{}&#8220;][et_pb_text _builder_version=&#8220;4.27.4&#8243; _module_preset=&#8220;default&#8220; hover_enabled=&#8220;0&#8243; global_colors_info=&#8220;{}&#8220; sticky_enabled=&#8220;0&#8243;]<div class=\"media\">\n<div class=\"media__body\">\n<div class=\"media__body__txt\"><strong>Update 31. Mrz<\/strong><strong><\/strong><strong><\/strong><strong><\/strong><strong><\/strong><\/div>\n<div class=\"media__body__txt\"><strong><\/strong><\/div>\n<div class=\"media__body__txt\"><strong>Res\u00fcmee Messe D\u00fcsseldorf: &#8222;Starke Impulse und Top-Stimmung&#8220;<\/strong><\/div>\n<div class=\"media__body__txt\"><strong><\/strong><\/div>\n<div class=\"media__body__txt\"><strong><\/strong><\/div>\n<div class=\"media__body__txt\"><strong><\/strong><\/div>\n<div class=\"media__body__txt\"><\/div>\n<div class=\"media__body__txt\"><a href=\"https:\/\/www.beauty.de\/de\/Media_News\/Presse\/Pressematerial\/Pressemeldungen\/BEAUTY_D%C3%9CSSELDORF_2025_Branchen-Highlight_mit_starken_Impulsen_und_Top-Stimmung\">https:\/\/www.beauty.de\/de\/Media_News\/Presse\/Pressematerial\/Pressemeldungen\/BEAUTY_D%C3%9CSSELDORF_2025_Branchen-Highlight_mit_starken_Impulsen_und_Top-Stimmung<\/a><\/div>\n<div class=\"media__body__txt\"><\/div>\n<div class=\"media__body__txt\">+++<\/div>\n<div class=\"media__body__txt\"><strong><\/strong><\/div>\n<div class=\"media__body__txt\"><strong>SISU Throwback 2023<\/strong><\/div>\n<div class=\"media__body__txt\"><\/div>\n<div class=\"media__body__txt\">SISU, 2. April 2023: &#8222;Zur\u00fcck auf der Erfolgsspur&#8220; sieht sich die Messe BEAUTY D\u00dcSSELDORF (31. Mrz bis 2. Apr). Es habe &#8222;gute Gespr\u00e4che, viele Gesch\u00e4ftsabschl\u00fcsse und eine hohe Entscheidungskompetenz&#8220; des Fachpublikums gegeben. \u201eWir sind sehr zufrieden mit diesem Ergebnis und freuen uns \u00fcber 44.000 Besucherinnen und Besucher aus 74 L\u00e4ndern.&#8220; Die n\u00e4chste BEAUTY ist vom 22. bis 24. Mrz 2024.<\/div>\n<\/div>\n<\/div>\n<p><a href=\"http:\/\/www.beauty.de\">www.beauty.de<\/a><a href=\"http:\/\/www.h2o-herford.de\"><\/a><\/p>[\/et_pb_text][et_pb_divider color=&#8220;#CABB9F&#8220; divider_weight=&#8220;1px&#8220; _builder_version=&#8220;4.17.4&#8243; _module_preset=&#8220;default&#8220; width=&#8220;70%&#8220; global_colors_info=&#8220;{}&#8220;][\/et_pb_divider][\/et_pb_column][\/et_pb_row][\/et_pb_section]\n","protected":false},"excerpt":{"rendered":"<p>Update 31. Mrz Res\u00fcmee Messe D\u00fcsseldorf: &#8222;Starke Impulse und Top-Stimmung&#8220; https:\/\/www.beauty.de\/de\/Media_News\/Presse\/Pressematerial\/Pressemeldungen\/BEAUTY_D%C3%9CSSELDORF_2025_Branchen-Highlight_mit_starken_Impulsen_und_Top-Stimmung +++ SISU Throwback 2023 SISU, 2. April 2023: &#8222;Zur\u00fcck auf der Erfolgsspur&#8220; sieht sich die Messe BEAUTY D\u00dcSSELDORF (31. Mrz bis 2. Apr). Es habe &#8222;gute Gespr\u00e4che, viele Gesch\u00e4ftsabschl\u00fcsse und eine hohe Entscheidungskompetenz&#8220; des Fachpublikums gegeben. \u201eWir sind sehr zufrieden mit diesem Ergebnis und [&hellip;]<\/p>\n","protected":false},"author":1,"featured_media":0,"comment_status":"open","ping_status":"open","sticky":false,"template":"","format":"standard","meta":{"_et_pb_use_builder":"on","_et_pb_old_content":"","_et_gb_content_width":"","iawp_total_views":0,"footnotes":""},"categories":[13,5],"tags":[],"class_list":["post-6507","post","type-post","status-publish","format-standard","hentry","category-news","category-events"],"_links":{"self":[{"href":"https:\/\/sauna-wellness-update.de\/en\/wp-json\/wp\/v2\/posts\/6507","targetHints":{"allow":["GET"]}}],"collection":[{"href":"https:\/\/sauna-wellness-update.de\/en\/wp-json\/wp\/v2\/posts"}],"about":[{"href":"https:\/\/sauna-wellness-update.de\/en\/wp-json\/wp\/v2\/types\/post"}],"author":[{"embeddable":true,"href":"https:\/\/sauna-wellness-update.de\/en\/wp-json\/wp\/v2\/users\/1"}],"replies":[{"embeddable":true,"href":"https:\/\/sauna-wellness-update.de\/en\/wp-json\/wp\/v2\/comments?post=6507"}],"version-history":[{"count":12,"href":"https:\/\/sauna-wellness-update.de\/en\/wp-json\/wp\/v2\/posts\/6507\/revisions"}],"predecessor-version":[{"id":39342,"href":"https:\/\/sauna-wellness-update.de\/en\/wp-json\/wp\/v2\/posts\/6507\/revisions\/39342"}],"wp:attachment":[{"href":"https:\/\/sauna-wellness-update.de\/en\/wp-json\/wp\/v2\/media?parent=6507"}],"wp:term":[{"taxonomy":"category","embeddable":true,"href":"https:\/\/sauna-wellness-update.de\/en\/wp-json\/wp\/v2\/categories?post=6507"},{"taxonomy":"post_tag","embeddable":true,"href":"https:\/\/sauna-wellness-update.de\/en\/wp-json\/wp\/v2\/tags?post=6507"}],"curies":[{"name":"wp","href":"https:\/\/api.w.org\/{rel}","templated":true}]}}