{"id":715,"date":"2022-09-28T20:32:01","date_gmt":"2022-09-28T18:32:01","guid":{"rendered":"https:\/\/sauna-wellness-update.de\/?p=715"},"modified":"2022-10-04T19:16:51","modified_gmt":"2022-10-04T17:16:51","slug":"zitat-des-tages","status":"publish","type":"post","link":"https:\/\/sauna-wellness-update.de\/en\/2022\/09\/28\/zitat-des-tages\/","title":{"rendered":"Zitat des Tages"},"content":{"rendered":"\n\n\n\n[et_pb_section fb_built=&#8220;1&#8243; _builder_version=&#8220;4.17.4&#8243; _module_preset=&#8220;default&#8220; custom_margin=&#8220;0px||0px||true|false&#8220; custom_padding=&#8220;0px||0px||true|false&#8220; border_color_all=&#8220;rgba(86,116,125,0.5)&#8220; border_color_bottom=&#8220;RGBA(255,255,255,0)&#8220; global_colors_info=&#8220;{}&#8220;][et_pb_row _builder_version=&#8220;4.17.4&#8243; _module_preset=&#8220;default&#8220; custom_margin=&#8220;0px||0px||true|false&#8220; custom_padding=&#8220;0px||0px||true|&#8220; global_colors_info=&#8220;{}&#8220;][et_pb_column type=&#8220;4_4&#8243; _builder_version=&#8220;4.17.4&#8243; _module_preset=&#8220;default&#8220; custom_padding=&#8220;0px||0px||true|false&#8220; global_colors_info=&#8220;{}&#8220;][et_pb_text _builder_version=&#8220;4.17.4&#8243; _module_preset=&#8220;default&#8220; hover_enabled=&#8220;0&#8243; global_colors_info=&#8220;{}&#8220; sticky_enabled=&#8220;0&#8243;]<p>&#8222;Wir werden viele Milliarden Euro bereitstellen, um die Wirtschaft und gerade diejenigen\u00a0 Menschen zu entlasten, die besonders hart betroffen sind.&#8220;<\/p>\n<p>NRW-Ministerpr\u00e4sident Hendrik W\u00fcst, noch bis Ende September Vorsitzender der Ministerpr\u00e4sidentenkonferenz, die einen schnellen Energiepreisdeckel f\u00fcr Strom, Gas und W\u00e4rme fordert und eine &#8222;faire Lastenverteilung&#8220; zwischen Bund und L\u00e4ndern anmahnt.<\/p>\n<p><a href=\"http:\/\/www.welt.de\">www.welt.de<\/a><a href=\"http:\/\/www.h2o-herford.de\"><\/a><\/p>[\/et_pb_text][\/et_pb_column][\/et_pb_row][\/et_pb_section]\n\n\n\n","protected":false},"excerpt":{"rendered":"<p>&#8222;Wir werden viele Milliarden Euro bereitstellen, um die Wirtschaft und gerade diejenigen\u00a0 Menschen zu entlasten, die besonders hart betroffen sind.&#8220; NRW-Ministerpr\u00e4sident Hendrik W\u00fcst, noch bis Ende September Vorsitzender der Ministerpr\u00e4sidentenkonferenz, die einen schnellen Energiepreisdeckel f\u00fcr Strom, Gas und W\u00e4rme fordert und eine &#8222;faire Lastenverteilung&#8220; zwischen Bund und L\u00e4ndern anmahnt. www.welt.de<\/p>","protected":false},"author":1,"featured_media":0,"comment_status":"open","ping_status":"open","sticky":false,"template":"","format":"standard","meta":{"_et_pb_use_builder":"on","_et_pb_old_content":"","_et_gb_content_width":"","iawp_total_views":1,"footnotes":""},"categories":[13,6],"tags":[],"class_list":["post-715","post","type-post","status-publish","format-standard","hentry","category-news","category-leute"],"_links":{"self":[{"href":"https:\/\/sauna-wellness-update.de\/en\/wp-json\/wp\/v2\/posts\/715","targetHints":{"allow":["GET"]}}],"collection":[{"href":"https:\/\/sauna-wellness-update.de\/en\/wp-json\/wp\/v2\/posts"}],"about":[{"href":"https:\/\/sauna-wellness-update.de\/en\/wp-json\/wp\/v2\/types\/post"}],"author":[{"embeddable":true,"href":"https:\/\/sauna-wellness-update.de\/en\/wp-json\/wp\/v2\/users\/1"}],"replies":[{"embeddable":true,"href":"https:\/\/sauna-wellness-update.de\/en\/wp-json\/wp\/v2\/comments?post=715"}],"version-history":[{"count":6,"href":"https:\/\/sauna-wellness-update.de\/en\/wp-json\/wp\/v2\/posts\/715\/revisions"}],"predecessor-version":[{"id":722,"href":"https:\/\/sauna-wellness-update.de\/en\/wp-json\/wp\/v2\/posts\/715\/revisions\/722"}],"wp:attachment":[{"href":"https:\/\/sauna-wellness-update.de\/en\/wp-json\/wp\/v2\/media?parent=715"}],"wp:term":[{"taxonomy":"category","embeddable":true,"href":"https:\/\/sauna-wellness-update.de\/en\/wp-json\/wp\/v2\/categories?post=715"},{"taxonomy":"post_tag","embeddable":true,"href":"https:\/\/sauna-wellness-update.de\/en\/wp-json\/wp\/v2\/tags?post=715"}],"curies":[{"name":"wp","href":"https:\/\/api.w.org\/{rel}","templated":true}]}}